{"id":864,"date":"2020-09-15T14:38:51","date_gmt":"2020-09-15T12:38:51","guid":{"rendered":"http:\/\/equalhealth4all.noblogs.org\/?p=864"},"modified":"2020-10-19T10:10:14","modified_gmt":"2020-10-19T08:10:14","slug":"moria-brennt-ist-das-ein-finaler-weckruf","status":"publish","type":"post","link":"https:\/\/equalhealth4all.noblogs.org\/de\/2020\/09\/15\/moria-brennt-ist-das-ein-finaler-weckruf\/","title":{"rendered":"MORiA Brennt \u2013 Ist das ein finaler Weckruf?"},"content":{"rendered":"<h3><img loading=\"lazy\" decoding=\"async\" class=\"alignnone size-full wp-image-865\" src=\"https:\/\/equalhealth4all.noblogs.org\/files\/2020\/09\/PPT-Campaign.png\" alt=\"\" width=\"592\" height=\"214\" srcset=\"https:\/\/equalhealth4all.noblogs.org\/files\/2020\/09\/PPT-Campaign.png 592w, https:\/\/equalhealth4all.noblogs.org\/files\/2020\/09\/PPT-Campaign-300x108.png 300w\" sizes=\"auto, (max-width: 592px) 100vw, 592px\" \/><\/h3>\n<h3>Mitteilung der Arbeitsgruppe Mobilisierung zur 45. Sitzung des Permanent Peoples Tribunal<\/h3>\n<p>MORIA brennt, erneut. Dieses dokumentierte Grauen im Herzen Europas wurde seit seinem Beginn (2015) durch dutzende Berichte von Menschenrechts-, humanit\u00e4ren und anderen Nichtregierungsorganisationen angeprangert. Fast 20.000 Menschen (auf dem H\u00f6chststand letzten Februar), und zum Zeitpunkt des Brandes 13.000, wurden &#8222;abgestellt&#8220;\u00a0 in diesem Gef\u00e4ngnis aus Schlamm, M\u00fcll und Gewalt, umgeben von Stacheldraht. MORIA ist eine geplante Vorh\u00f6lle, in der Gefl\u00fcchteten ihr Recht auf Asyl, Freiheit und W\u00fcrde verweigert wird, da sie nicht einmal in der Lage sind, auch nur die grundlegendsten allt\u00e4glichen Aktivit\u00e4ten wie Schlafen, Essen oder Kommunikation auszu\u00fcben. Es war ein Ort, an dem 4.000 Kindern &#8211; ohne Tr\u00e4ume zur\u00fcckgelassen &#8211; Gesundheitsversorgung und Bildung verweigert wurden; an dem Jugendliche eine abnorme Rate von Selbstmordversuchen vorweisen, ein Grad der die Verzweiflung im Lager h\u00e4tte vor Augen f\u00fchren m\u00fcssen (MSF); an dem Frauen durch t\u00e4gliche Vergewaltigungen, mangelnde Hygiene und grassierende Gewalt terrorisiert wurden. Die Hunderten von Zeug*innenaussagen, die das Ausma\u00df des unertr\u00e4glichen &#8222;Nicht-Lebens&#8220; in MORIA offenbaren, blieben jahrelang ungeh\u00f6rt. <!--more--><\/p>\n<p>Nun ist das eingez\u00e4unte Lager, das kurz vor der Schlie\u00dfung stand, bis auf die Grundmauern niedergebrannt. Aber wie konnte dieses Bauwerk \u2013 als Konstruktion des Im-Stich-lassens von Menschen, die auf &#8222;Anzahl und K\u00f6rper&#8220; reduziert wurden &#8211; wieder als ein Insel-Lager im Herzen Europas des 20. Jahrhunderts auferstehen? Wie konnte diese Apartheid und die planm\u00e4\u00dfige Verwaltung des &#8222;Anderen&#8220;, des &#8222;Migranten&#8220; in dem langen Schweigen von 5 Jahren akzeptiert und toleriert werden? Diese unmenschliche &#8222;Einschlie\u00dfung&#8220; war von der Europ\u00e4ischen Kommission und den EU-Mitgliedstaaten als Modell f\u00fcr die Migrationspolitik errichtet worden. MORIA war die Essenz des Abschreckungsmodells, das darauf abzielte, die Flucht potentieller Asylsuchender aus Kriegsl\u00e4ndern zu erschweren und sie in die Ruinen zur\u00fcckzudr\u00e4ngen, und welches 2016 durch das Abkommen zwischen der EU und der T\u00fcrkei besiegelt wurde. Es ist dokumentiert, dass auf den griechischen Inseln die Genfer Konvention konstant tagt\u00e4glich verletzt wurde. Ist sie auf Lesbos begraben worden?<\/p>\n<p>Die beunruhigendste Realit\u00e4t von alldem ist, dass MORIA nicht au\u00dfergew\u00f6hnlich ist &#8211; sondern Teil einer Kette von Lagern und Hotspots in ganz Europa, die als Orte &#8222;ohne Rechte&#8220; errichtet wurden, und einer systematisch geplanten Vernichtung der &#8222;Anderen&#8220; dient, sie psychisch zerst\u00f6rt in Lagern, wo sie sogar bei lebendigem Leibe h\u00e4tten verbrennen k\u00f6nnen. Die Grenzen der EU wie auch die Seewege sind ebenfalls zu Orten des Todes geworden, an denen Tausende ertrunken sind. Diese Situation ist bezeichnend f\u00fcr die allgemeine Politik der Nekropolitik, die die Europ\u00e4ische Union und ihre Mitgliedstaaten gegen\u00fcber Migrant*innen und Gefl\u00fcchteten praktizieren, und wird mit der Politik der militarisierten Externalisierung der Grenzen kombiniert. Und auch innerhalb der Festung Europa werden &#8211; wie in dieser Zeit von COVID-19 grafisch dargestellt &#8211; den Wanderarbeitern, die einen gro\u00dfen Teil der &#8222;unentbehrlichen Arbeitskr\u00e4fte&#8220; in der Landwirtschaft, der Pflege und der Hausarbeit ausmachen, Grundrechte verweigert. Sie sind t\u00e4glichem Rassismus ausgesetzt und den Bedingungen f\u00fcr ein menschenw\u00fcrdiges Leben beraubt.<\/p>\n<p>Als Teil jenes Europas, das sich immer noch in erster Linie als &#8222;menschlich&#8220; versteht und sich allen Bewegungen anschlie\u00dft, die sich in diesen Stunden Geh\u00f6r verschaffen, prangern wir, die Unterzeichner*innen, die wir seit Jahren Zeug*innen des tragischen Schicksals der Migrant*innen und Gefl\u00fcchteten sind, umso mehr das Feuer von MORIA als symbolischen und weithin sichtbaren Ausdruck des stillen, permanenten und geplanten Verbrechens gegen die Menschlichkeit an. Verantwortlich daf\u00fcr sind die Europ\u00e4ische Kommission und die europ\u00e4ischen Staaten, wie das <a href=\"http:\/\/permanentpeoplestribunal.org\/wp-content\/uploads\/2019\/04\/PPT-Final-Document-Brussels_EN_11_4_2019.pdf\" target=\"_blank\" rel=\"noopener noreferrer\">Urteil des Permanent Peoples Tribunal<\/a> (Anh\u00f6rungen 2017-2019) unterstreicht. Die humanit\u00e4ren Interventionen dieser Stunden &#8211; an sich schon minimal &#8211; k\u00f6nnen nur als eine Ma\u00dfnahme erscheinen, die das Gesicht wahrt. Einmal mehr beziehen sich diese Verlautbarungen auf eine Zeit ohne Stichtage und best\u00e4tigen somit die bestehende V\u00f6lkermordpolitik &#8211; da die Europ\u00e4ische Kommission und die EU-Regierungen sich f\u00fcr eine Identit\u00e4t entscheiden, die sich von den Verpflichtungen der rechtsstaatlichen Zivilisation befreit erkl\u00e4rt. Diese Pflichten sollten im Einklang mit der &#8222;Nie wieder&#8220; Verpflichtung gegen die Vernichtungslager stehen und hatten Europa zu einem Ort des Willkommens und zu einem Indikator f\u00fcr das eigene Entwicklungsprojekt gemacht.<\/p>\n<p>Wir rufen daher die Europ\u00e4ische Kommission und alle europ\u00e4ischen Staaten auf:<\/p>\n<ul>\n<li><span lang=\"de-DE\">die Insel dringend zu evakuieren und die Migrant*<\/span><span lang=\"de-DE\">inn<\/span><span lang=\"de-DE\">en und <\/span><span lang=\"de-DE\">Gefl\u00fcchteten<\/span><span lang=\"de-DE\"> von MORIA in Sicherheit und W\u00fcrde umzusiedeln.<\/span><\/li>\n<li><span lang=\"de-DE\">Die Kriminalisierung der Migrant*<\/span><span lang=\"de-DE\">inn<\/span><span lang=\"de-DE\">en und <\/span><span lang=\"de-DE\">Gefl\u00fcchteten<\/span><span lang=\"de-DE\"> und die Kriminalisierung der Solidarit\u00e4t zu beenden.<\/span><\/li>\n<\/ul>\n<p><strong>Es ist kein Verbrechen, zu migrieren oder Asyl zu suchen! Es ist ein Menschenrecht!<\/strong><\/p>\n<p>14. September 2020<\/p>\n<p>Die Bewegungen und Organisationen, die die 45. Sitzung des Permanent Peoples Tribunal f\u00fcr Migrant*innen und Gefl\u00fcchtete einberufen<br \/>\n<a href=\"https:\/\/transnationalmigrantplatform.net\/\" target=\"_blank\" rel=\"noopener noreferrer\">https:\/\/transnationalmigrantplatform.net\/<\/a><\/p>\n<p>Quelle: <a href=\"https:\/\/transnationalmigrantplatform.net\/campaigns-advocacy\/\" target=\"_blank\" rel=\"noopener noreferrer\">Transnational Migrant Platform Europe<\/a><\/p>\n","protected":false},"excerpt":{"rendered":"<p>Mitteilung der Arbeitsgruppe Mobilisierung zur 45. Sitzung des Permanent Peoples Tribunal MORIA brennt, erneut. Dieses dokumentierte Grauen im Herzen Europas wurde seit seinem Beginn (2015) durch dutzende Berichte von Menschenrechts-, humanit\u00e4ren und anderen Nichtregierungsorganisationen angeprangert. Fast 20.000 Menschen (auf dem &hellip; <a href=\"https:\/\/equalhealth4all.noblogs.org\/de\/2020\/09\/15\/moria-brennt-ist-das-ein-finaler-weckruf\/\">Weiterlesen <span class=\"meta-nav\">&rarr;<\/span><\/a><\/p>\n","protected":false},"author":15197,"featured_media":0,"comment_status":"closed","ping_status":"closed","sticky":false,"template":"","format":"standard","meta":{"_locale":"de_DE","_original_post":"http:\/\/equalhealth4all.noblogs.org\/?p=864","footnotes":""},"categories":[1,2,3],"tags":[80,78,40,38,52,70,77],"class_list":["post-864","post","type-post","status-publish","format-standard","hentry","category-general","category-gesundheit","category-menschenrechte","tag-boders","tag-camps","tag-eu","tag-migration","tag-moria","tag-permanent-peoples-tribunal","tag-refugees","de-DE"],"_links":{"self":[{"href":"https:\/\/equalhealth4all.noblogs.org\/wp-json\/wp\/v2\/posts\/864","targetHints":{"allow":["GET"]}}],"collection":[{"href":"https:\/\/equalhealth4all.noblogs.org\/wp-json\/wp\/v2\/posts"}],"about":[{"href":"https:\/\/equalhealth4all.noblogs.org\/wp-json\/wp\/v2\/types\/post"}],"author":[{"embeddable":true,"href":"https:\/\/equalhealth4all.noblogs.org\/wp-json\/wp\/v2\/users\/15197"}],"replies":[{"embeddable":true,"href":"https:\/\/equalhealth4all.noblogs.org\/wp-json\/wp\/v2\/comments?post=864"}],"version-history":[{"count":15,"href":"https:\/\/equalhealth4all.noblogs.org\/wp-json\/wp\/v2\/posts\/864\/revisions"}],"predecessor-version":[{"id":1399,"href":"https:\/\/equalhealth4all.noblogs.org\/wp-json\/wp\/v2\/posts\/864\/revisions\/1399"}],"wp:attachment":[{"href":"https:\/\/equalhealth4all.noblogs.org\/wp-json\/wp\/v2\/media?parent=864"}],"wp:term":[{"taxonomy":"category","embeddable":true,"href":"https:\/\/equalhealth4all.noblogs.org\/wp-json\/wp\/v2\/categories?post=864"},{"taxonomy":"post_tag","embeddable":true,"href":"https:\/\/equalhealth4all.noblogs.org\/wp-json\/wp\/v2\/tags?post=864"}],"curies":[{"name":"wp","href":"https:\/\/api.w.org\/{rel}","templated":true}]}}